{"id":768,"date":"2018-12-12T13:52:34","date_gmt":"2018-12-12T15:52:34","guid":{"rendered":"https:\/\/kinetec.com.br\/new\/?p=768"},"modified":"2019-06-11T13:18:00","modified_gmt":"2019-06-11T16:18:00","slug":"fascite-plantar","status":"publish","type":"post","link":"https:\/\/kinetec.com.br\/new\/fascite-plantar\/","title":{"rendered":"Fascite plantar: quais fatores podem influenciar?"},"content":{"rendered":"<p>[et_pb_section bb_built=&#8221;1&#8243; next_background_color=&#8221;#009fdb&#8221;][et_pb_row][et_pb_column type=&#8221;4_4&#8243;][et_pb_text _builder_version=&#8221;3.18.2&#8243;]<\/p>\n<p>A fascite plantar, fasciite plantar ou ainda fasce\u00edte plantar, \u00e9 um termo que genericamente, vem sendo utilizado como descritor geral de dor no calcanhar, que pode incluir ruptura das fibras na inser\u00e7\u00e3o da f\u00e1scia na tuberosidade medial do calc\u00e2neo (WHITING, ZERNICKE, 2001). Todavia, a literatura salienta que a fascite plantar \u00e9 uma condi\u00e7\u00e3o inflamat\u00f3ria apenas da f\u00e1scia plantar. Essa patologia altera a distribui\u00e7\u00e3o de press\u00e3o plantar, que fica maior na regi\u00e3o anterior do p\u00e9, aparentemente, devido a uma postura ant\u00e1lgica adotada como mecanismo compensat\u00f3rio para n\u00e3o comprometer ainda mais o local que se encontra acometido pela inflama\u00e7\u00e3o (ALVES et al., 2008). Sabe-se que a obesidade \u00e9 um importante fator de risco para o desenvolvimento da fascite plantar (ALVES et al., 2008),por\u00e9m essa inflama\u00e7\u00e3o tamb\u00e9m \u00e9 altamente associada \u00e0 pratica esportiva, como por exemplo, a corrida &#8211; onde a distribui\u00e7\u00e3o da press\u00e3o plantar \u00e9 afetada pela dura\u00e7\u00e3o da prova (MACHADO et al., 2013).<\/p>\n<p>Ao avaliar corredores de diferentes dist\u00e2ncias, Machado e colaboradores (2013) afirmam que ap\u00f3s percurso mais breve, a altera\u00e7\u00e3o na press\u00e3o plantar acontece de forma sim\u00e9trica. J\u00e1 em provas mais longas, h\u00e1 aumentos de press\u00e3o em diferentes regi\u00f5es dos p\u00e9s direito e esquerdo, indicando assimetria e consequentemente dificuldade no controle da postura. O que poderia ser, tanto por altera\u00e7\u00e3o no controle postural quanto por altera\u00e7\u00f5es na sensibilidade dos mecanorreceptores plantares, componentes respons\u00e1veis pelo feedback postural e prote\u00e7\u00e3o da pele contra sobrecarga de press\u00e3o (MACHADO et al., 2013). Segundo os autores, estas altera\u00e7\u00f5es podem resultar de fadiga n\u00e3o s\u00f3 de grandes grupos musculares, mas tamb\u00e9m de m\u00fasculos pequenos que cruzam o tornozelo e que podem afetar a mec\u00e2nica da pisada ao longo da prova, e mesmo depois dela!<\/p>\n<p>Ao considerar que a fadiga de m\u00fasculos (sejam eles mobilizadores ou estabilizadores), est\u00e1 ligado \u00e0 mudan\u00e7as na press\u00e3o plantar, e consequentemente, a um maior risco de fascite plantar, deve-se levar em conta a poss\u00edvel import\u00e2ncia de outras capacidades f\u00edsicas. Whiting e Zernicke (2001) destacam a falta de flexibilidade como \u201cagravante\u201d ou \u201cfator que acelera\u201dtal patologia, exemplificando que a retra\u00e7\u00e3o do tend\u00e3o calc\u00e2neo limita a dorsiflex\u00e3o, aumentando o estresse sobre a f\u00e1scia plantar. Os mesmos autores citam ainda como fatores associados \u00e0 fascite plantar: d\u00e9ficits de for\u00e7a, supertreinamento, discrep\u00e2ncias no comprimento de membros, fadiga, fatores gen\u00e9ticos (como a inextensibilidade fascial), mec\u00e2nica prec\u00e1ria dos movimentos (como a prona\u00e7\u00e3o excessiva durante a corrida). \u00a0<\/p>\n<p>Com tantos fatores associados, parece importante ressaltar que a grande maioria dos casos de fascite plantar \u00e9 considerada uma resposta a cargas repetidas, onde for\u00e7as compressivas achatam o arco longitudinal do p\u00e9 (WHITING, ZERNICKE, 2001). Estas for\u00e7as compressivas agindo repetidamente podem ser causa, ou consequ\u00eancia de uma mec\u00e2nica deficit\u00e1ria dos movimentos, o que demonstra o quanto \u00e9 importante avaliar a distribui\u00e7\u00e3o de cargas &#8211; tanto no eixo vertical (atrav\u00e9s de baropodometro), quanto nos demais eixos, antero-posterior e m\u00e9dio-lateral (atrav\u00e9s de uma plataforma de for\u00e7a). Ou seja, na preven\u00e7\u00e3o e no tratamento da fascite plantar, como em qualquer patologia, \u00e9 essencial uma avalia\u00e7\u00e3o completa de todos os fatores possivelmente associados, para obter um diagn\u00f3stico correto, e assim realizar uma interven\u00e7\u00e3o efetiva, focada na individualidade de cada paciente\/aluno.<\/p>\n<p>&nbsp;<\/p>\n<p>Texto por: Me. Catiane Souza<\/p>\n<p>Lattes:\u00a0<a href=\"http:\/\/lattes.cnpq.br\/2788554094463654\" target=\"_blank\" rel=\"noopener noreferrer\">http:\/\/lattes.cnpq.br\/2788554094463654<\/a><\/p>\n<p>&nbsp;<\/p>\n<p>REFER\u00caNCIAS:<\/p>\n<p>ALVES E.; LIMA, Z.B.; SEIXLACK, M.A.L; BERTOLINI, G.R.F.; BUZANELLO, M.R. Avalia\u00e7\u00e3o da press\u00e3o plantar em indiv\u00edduos com fascite plantar. Sa\u00fade e Pesquisa, v. 1 n. 3, pp 277-281, 2009.<\/p>\n<p>MACHADO, A.S.; CARPES, F.; KUNZLER, M.R.; ROCHA, E.S. Avalia\u00e7\u00e3o da press\u00e3o plantar em corredores de longa dist\u00e2ncia. Anais do Sal\u00e3o Internacional de Ensino, Pesquisa e Extens\u00e3o, v. 5, n. 2, 2013.<\/p>\n<p>WHITING, W. C., ZERNICKE R. F. Biomec\u00e2nica da les\u00e3o musculoesquel\u00e9tica. Rio de Janeiro: Guanabara, 2001.<\/p>\n<p>[\/et_pb_text][\/et_pb_column][\/et_pb_row][\/et_pb_section][et_pb_section bb_built=&#8221;1&#8243; specialty=&#8221;off&#8221; _builder_version=&#8221;3.19.18&#8243; background_color=&#8221;#009fdb&#8221; global_module=&#8221;1648&#8243; prev_background_color=&#8221;#ffffff&#8221;][et_pb_row global_parent=&#8221;1648&#8243; _builder_version=&#8221;3.19.18&#8243; custom_margin=&#8221;0px||0px|&#8221; custom_padding=&#8221;0px||0px|&#8221;][et_pb_column type=&#8221;4_4&#8243;][et_pb_signup global_parent=&#8221;1648&#8243; _builder_version=&#8221;3.19.18&#8243; button_text=&#8221;Enviar&#8221; activecampaign_list=&#8221;|none&#8221; aweber_list=&#8221;|none&#8221; campaign_monitor_list=&#8221;|none&#8221; constant_contact_list=&#8221;|none&#8221; convertkit_list=&#8221;|none&#8221; emma_list=&#8221;|none&#8221; feedblitz_list=&#8221;|none&#8221; getresponse_list=&#8221;|none&#8221; hubspot_list=&#8221;|none&#8221; icontact_list=&#8221;|none&#8221; infusionsoft_list=&#8221;|none&#8221; madmimi_list=&#8221;|none&#8221; mailchimp_list=&#8221;|none&#8221; mailerlite_list=&#8221;|none&#8221; mailpoet_list=&#8221;|none&#8221; mailster_list=&#8221;|none&#8221; ontraport_list=&#8221;|none&#8221; salesforce_list=&#8221;|none&#8221; sendinblue_list=&#8221;|none&#8221; first_name_field=&#8221;off&#8221; last_name_field=&#8221;off&#8221; success_message=&#8221;Enviado!&#8221; first_name_fullwidth=&#8221;off&#8221; last_name_fullwidth=&#8221;off&#8221; description=&#8221;&nbsp;<br \/>Receba nossa Newsletter<br \/><b> Conte\u00fados sobre biomec\u00e2nica no Brasil<\/b>&#8221; form_field_text_color=&#8221;#3b3d46&#8243; form_field_font=&#8221;Montserrat||||||||&#8221; body_font=&#8221;Montserrat||||||||&#8221; body_text_color=&#8221;#ffffff&#8221; background_color=&#8221;#009fdb&#8221; header_font_size=&#8221;35&#8243; custom_button=&#8221;on&#8221; button_text_size=&#8221;14&#8243; button_text_color=&#8221;#ffffff&#8221; button_bg_color=&#8221;rgba(255,255,255,0)&#8221; button_border_width=&#8221;3&#8243; button_border_radius=&#8221;2&#8243; button_icon=&#8221;%%3%%&#8221; button_border_color=&#8221;#ffffff&#8221; body_font_size=&#8221;18&#8243; \/][\/et_pb_column][\/et_pb_row][\/et_pb_section]<\/p>\n","protected":false},"excerpt":{"rendered":"<p><div class=\"et_pb_row et_pb_row_0 et_pb_row_empty\">\n\t\t\t\t\n\t\t\t\t\n\t\t\t\t\n\t\t\t\t\n\t\t\t\t\n\t\t\t<\/div> A fascite plantar, fasciite plantar ou ainda fasce\u00edte plantar, \u00e9 um termo que genericamente, vem sendo utilizado como descritor geral de dor no calcanhar, que pode incluir ruptura das fibras na inser\u00e7\u00e3o da f\u00e1scia na tuberosidade medial do calc\u00e2neo (WHITING, ZERNICKE, 2001). Todavia, a literatura salienta que a fascite plantar \u00e9 uma condi\u00e7\u00e3o inflamat\u00f3ria [&hellip;]<\/p>\n","protected":false},"author":1,"featured_media":1753,"comment_status":"closed","ping_status":"closed","sticky":false,"template":"","format":"standard","meta":{"_et_pb_use_builder":"on","_et_pb_old_content":"","_et_gb_content_width":"","footnotes":""},"categories":[25],"tags":[],"class_list":["post-768","post","type-post","status-publish","format-standard","has-post-thumbnail","hentry","category-blog"],"yoast_head":"<!-- This site is optimized with the Yoast SEO plugin v27.5 - https:\/\/yoast.com\/product\/yoast-seo-wordpress\/ -->\n<title>Fascite plantar: quais fatores podem influenciar? - Kinetec<\/title>\n<meta name=\"robots\" content=\"index, follow, max-snippet:-1, max-image-preview:large, max-video-preview:-1\" \/>\n<link rel=\"canonical\" href=\"https:\/\/kinetec.com.br\/new\/fascite-plantar\/\" \/>\n<meta property=\"og:locale\" content=\"pt_BR\" \/>\n<meta property=\"og:type\" content=\"article\" \/>\n<meta property=\"og:title\" content=\"Fascite plantar: quais fatores podem influenciar? - Kinetec\" \/>\n<meta property=\"og:description\" content=\"A fascite plantar, fasciite plantar ou ainda fasce\u00edte plantar, \u00e9 um termo que genericamente, vem sendo utilizado como descritor geral de dor no calcanhar, que pode incluir ruptura das fibras na inser\u00e7\u00e3o da f\u00e1scia na tuberosidade medial do calc\u00e2neo (WHITING, ZERNICKE, 2001). Todavia, a literatura salienta que a fascite plantar \u00e9 uma condi\u00e7\u00e3o inflamat\u00f3ria [&hellip;]\" \/>\n<meta property=\"og:url\" content=\"https:\/\/kinetec.com.br\/new\/fascite-plantar\/\" \/>\n<meta property=\"og:site_name\" content=\"Kinetec\" \/>\n<meta property=\"article:published_time\" content=\"2018-12-12T15:52:34+00:00\" \/>\n<meta property=\"article:modified_time\" content=\"2019-06-11T16:18:00+00:00\" \/>\n<meta property=\"og:image\" content=\"https:\/\/kinetec.com.br\/new\/wp-content\/uploads\/2018\/12\/sdvd-26.png\" \/>\n\t<meta property=\"og:image:width\" content=\"800\" \/>\n\t<meta property=\"og:image:height\" content=\"350\" \/>\n\t<meta property=\"og:image:type\" content=\"image\/png\" \/>\n<meta name=\"author\" content=\"kinetec\" \/>\n<meta name=\"twitter:card\" content=\"summary_large_image\" \/>\n<meta name=\"twitter:label1\" content=\"Escrito por\" \/>\n\t<meta name=\"twitter:data1\" content=\"kinetec\" \/>\n\t<meta name=\"twitter:label2\" content=\"Est. tempo de leitura\" \/>\n\t<meta name=\"twitter:data2\" content=\"5 minutos\" \/>\n<script type=\"application\/ld+json\" class=\"yoast-schema-graph\">{\"@context\":\"https:\\\/\\\/schema.org\",\"@graph\":[{\"@type\":\"Article\",\"@id\":\"https:\\\/\\\/kinetec.com.br\\\/new\\\/fascite-plantar\\\/#article\",\"isPartOf\":{\"@id\":\"https:\\\/\\\/kinetec.com.br\\\/new\\\/fascite-plantar\\\/\"},\"author\":{\"name\":\"kinetec\",\"@id\":\"https:\\\/\\\/kinetec.com.br\\\/new\\\/#\\\/schema\\\/person\\\/df857fe40f5d5e94598ab10be9c64a06\"},\"headline\":\"Fascite plantar: quais fatores podem influenciar?\",\"datePublished\":\"2018-12-12T15:52:34+00:00\",\"dateModified\":\"2019-06-11T16:18:00+00:00\",\"mainEntityOfPage\":{\"@id\":\"https:\\\/\\\/kinetec.com.br\\\/new\\\/fascite-plantar\\\/\"},\"wordCount\":908,\"image\":{\"@id\":\"https:\\\/\\\/kinetec.com.br\\\/new\\\/fascite-plantar\\\/#primaryimage\"},\"thumbnailUrl\":\"https:\\\/\\\/kinetec.com.br\\\/new\\\/wp-content\\\/uploads\\\/2018\\\/12\\\/sdvd-26.png\",\"articleSection\":[\"Blog\"],\"inLanguage\":\"pt-BR\"},{\"@type\":\"WebPage\",\"@id\":\"https:\\\/\\\/kinetec.com.br\\\/new\\\/fascite-plantar\\\/\",\"url\":\"https:\\\/\\\/kinetec.com.br\\\/new\\\/fascite-plantar\\\/\",\"name\":\"Fascite plantar: quais fatores podem influenciar? - Kinetec\",\"isPartOf\":{\"@id\":\"https:\\\/\\\/kinetec.com.br\\\/new\\\/#website\"},\"primaryImageOfPage\":{\"@id\":\"https:\\\/\\\/kinetec.com.br\\\/new\\\/fascite-plantar\\\/#primaryimage\"},\"image\":{\"@id\":\"https:\\\/\\\/kinetec.com.br\\\/new\\\/fascite-plantar\\\/#primaryimage\"},\"thumbnailUrl\":\"https:\\\/\\\/kinetec.com.br\\\/new\\\/wp-content\\\/uploads\\\/2018\\\/12\\\/sdvd-26.png\",\"datePublished\":\"2018-12-12T15:52:34+00:00\",\"dateModified\":\"2019-06-11T16:18:00+00:00\",\"author\":{\"@id\":\"https:\\\/\\\/kinetec.com.br\\\/new\\\/#\\\/schema\\\/person\\\/df857fe40f5d5e94598ab10be9c64a06\"},\"breadcrumb\":{\"@id\":\"https:\\\/\\\/kinetec.com.br\\\/new\\\/fascite-plantar\\\/#breadcrumb\"},\"inLanguage\":\"pt-BR\",\"potentialAction\":[{\"@type\":\"ReadAction\",\"target\":[\"https:\\\/\\\/kinetec.com.br\\\/new\\\/fascite-plantar\\\/\"]}]},{\"@type\":\"ImageObject\",\"inLanguage\":\"pt-BR\",\"@id\":\"https:\\\/\\\/kinetec.com.br\\\/new\\\/fascite-plantar\\\/#primaryimage\",\"url\":\"https:\\\/\\\/kinetec.com.br\\\/new\\\/wp-content\\\/uploads\\\/2018\\\/12\\\/sdvd-26.png\",\"contentUrl\":\"https:\\\/\\\/kinetec.com.br\\\/new\\\/wp-content\\\/uploads\\\/2018\\\/12\\\/sdvd-26.png\",\"width\":800,\"height\":350},{\"@type\":\"BreadcrumbList\",\"@id\":\"https:\\\/\\\/kinetec.com.br\\\/new\\\/fascite-plantar\\\/#breadcrumb\",\"itemListElement\":[{\"@type\":\"ListItem\",\"position\":1,\"name\":\"In\u00edcio\",\"item\":\"https:\\\/\\\/kinetec.com.br\\\/new\\\/\"},{\"@type\":\"ListItem\",\"position\":2,\"name\":\"Fascite plantar: quais fatores podem influenciar?\"}]},{\"@type\":\"WebSite\",\"@id\":\"https:\\\/\\\/kinetec.com.br\\\/new\\\/#website\",\"url\":\"https:\\\/\\\/kinetec.com.br\\\/new\\\/\",\"name\":\"Kinetec\",\"description\":\"Tecnologias Biomec\u00e2nicas\",\"potentialAction\":[{\"@type\":\"SearchAction\",\"target\":{\"@type\":\"EntryPoint\",\"urlTemplate\":\"https:\\\/\\\/kinetec.com.br\\\/new\\\/?s={search_term_string}\"},\"query-input\":{\"@type\":\"PropertyValueSpecification\",\"valueRequired\":true,\"valueName\":\"search_term_string\"}}],\"inLanguage\":\"pt-BR\"},{\"@type\":\"Person\",\"@id\":\"https:\\\/\\\/kinetec.com.br\\\/new\\\/#\\\/schema\\\/person\\\/df857fe40f5d5e94598ab10be9c64a06\",\"name\":\"kinetec\",\"url\":\"https:\\\/\\\/kinetec.com.br\\\/new\\\/author\\\/kinetec\\\/\"}]}<\/script>\n<!-- \/ Yoast SEO plugin. -->","yoast_head_json":{"title":"Fascite plantar: quais fatores podem influenciar? - Kinetec","robots":{"index":"index","follow":"follow","max-snippet":"max-snippet:-1","max-image-preview":"max-image-preview:large","max-video-preview":"max-video-preview:-1"},"canonical":"https:\/\/kinetec.com.br\/new\/fascite-plantar\/","og_locale":"pt_BR","og_type":"article","og_title":"Fascite plantar: quais fatores podem influenciar? - Kinetec","og_description":"A fascite plantar, fasciite plantar ou ainda fasce\u00edte plantar, \u00e9 um termo que genericamente, vem sendo utilizado como descritor geral de dor no calcanhar, que pode incluir ruptura das fibras na inser\u00e7\u00e3o da f\u00e1scia na tuberosidade medial do calc\u00e2neo (WHITING, ZERNICKE, 2001). Todavia, a literatura salienta que a fascite plantar \u00e9 uma condi\u00e7\u00e3o inflamat\u00f3ria [&hellip;]","og_url":"https:\/\/kinetec.com.br\/new\/fascite-plantar\/","og_site_name":"Kinetec","article_published_time":"2018-12-12T15:52:34+00:00","article_modified_time":"2019-06-11T16:18:00+00:00","og_image":[{"width":800,"height":350,"url":"https:\/\/kinetec.com.br\/new\/wp-content\/uploads\/2018\/12\/sdvd-26.png","type":"image\/png"}],"author":"kinetec","twitter_card":"summary_large_image","twitter_misc":{"Escrito por":"kinetec","Est. tempo de leitura":"5 minutos"},"schema":{"@context":"https:\/\/schema.org","@graph":[{"@type":"Article","@id":"https:\/\/kinetec.com.br\/new\/fascite-plantar\/#article","isPartOf":{"@id":"https:\/\/kinetec.com.br\/new\/fascite-plantar\/"},"author":{"name":"kinetec","@id":"https:\/\/kinetec.com.br\/new\/#\/schema\/person\/df857fe40f5d5e94598ab10be9c64a06"},"headline":"Fascite plantar: quais fatores podem influenciar?","datePublished":"2018-12-12T15:52:34+00:00","dateModified":"2019-06-11T16:18:00+00:00","mainEntityOfPage":{"@id":"https:\/\/kinetec.com.br\/new\/fascite-plantar\/"},"wordCount":908,"image":{"@id":"https:\/\/kinetec.com.br\/new\/fascite-plantar\/#primaryimage"},"thumbnailUrl":"https:\/\/kinetec.com.br\/new\/wp-content\/uploads\/2018\/12\/sdvd-26.png","articleSection":["Blog"],"inLanguage":"pt-BR"},{"@type":"WebPage","@id":"https:\/\/kinetec.com.br\/new\/fascite-plantar\/","url":"https:\/\/kinetec.com.br\/new\/fascite-plantar\/","name":"Fascite plantar: quais fatores podem influenciar? - Kinetec","isPartOf":{"@id":"https:\/\/kinetec.com.br\/new\/#website"},"primaryImageOfPage":{"@id":"https:\/\/kinetec.com.br\/new\/fascite-plantar\/#primaryimage"},"image":{"@id":"https:\/\/kinetec.com.br\/new\/fascite-plantar\/#primaryimage"},"thumbnailUrl":"https:\/\/kinetec.com.br\/new\/wp-content\/uploads\/2018\/12\/sdvd-26.png","datePublished":"2018-12-12T15:52:34+00:00","dateModified":"2019-06-11T16:18:00+00:00","author":{"@id":"https:\/\/kinetec.com.br\/new\/#\/schema\/person\/df857fe40f5d5e94598ab10be9c64a06"},"breadcrumb":{"@id":"https:\/\/kinetec.com.br\/new\/fascite-plantar\/#breadcrumb"},"inLanguage":"pt-BR","potentialAction":[{"@type":"ReadAction","target":["https:\/\/kinetec.com.br\/new\/fascite-plantar\/"]}]},{"@type":"ImageObject","inLanguage":"pt-BR","@id":"https:\/\/kinetec.com.br\/new\/fascite-plantar\/#primaryimage","url":"https:\/\/kinetec.com.br\/new\/wp-content\/uploads\/2018\/12\/sdvd-26.png","contentUrl":"https:\/\/kinetec.com.br\/new\/wp-content\/uploads\/2018\/12\/sdvd-26.png","width":800,"height":350},{"@type":"BreadcrumbList","@id":"https:\/\/kinetec.com.br\/new\/fascite-plantar\/#breadcrumb","itemListElement":[{"@type":"ListItem","position":1,"name":"In\u00edcio","item":"https:\/\/kinetec.com.br\/new\/"},{"@type":"ListItem","position":2,"name":"Fascite plantar: quais fatores podem influenciar?"}]},{"@type":"WebSite","@id":"https:\/\/kinetec.com.br\/new\/#website","url":"https:\/\/kinetec.com.br\/new\/","name":"Kinetec","description":"Tecnologias Biomec\u00e2nicas","potentialAction":[{"@type":"SearchAction","target":{"@type":"EntryPoint","urlTemplate":"https:\/\/kinetec.com.br\/new\/?s={search_term_string}"},"query-input":{"@type":"PropertyValueSpecification","valueRequired":true,"valueName":"search_term_string"}}],"inLanguage":"pt-BR"},{"@type":"Person","@id":"https:\/\/kinetec.com.br\/new\/#\/schema\/person\/df857fe40f5d5e94598ab10be9c64a06","name":"kinetec","url":"https:\/\/kinetec.com.br\/new\/author\/kinetec\/"}]}},"_links":{"self":[{"href":"https:\/\/kinetec.com.br\/new\/wp-json\/wp\/v2\/posts\/768","targetHints":{"allow":["GET"]}}],"collection":[{"href":"https:\/\/kinetec.com.br\/new\/wp-json\/wp\/v2\/posts"}],"about":[{"href":"https:\/\/kinetec.com.br\/new\/wp-json\/wp\/v2\/types\/post"}],"author":[{"embeddable":true,"href":"https:\/\/kinetec.com.br\/new\/wp-json\/wp\/v2\/users\/1"}],"replies":[{"embeddable":true,"href":"https:\/\/kinetec.com.br\/new\/wp-json\/wp\/v2\/comments?post=768"}],"version-history":[{"count":3,"href":"https:\/\/kinetec.com.br\/new\/wp-json\/wp\/v2\/posts\/768\/revisions"}],"predecessor-version":[{"id":1754,"href":"https:\/\/kinetec.com.br\/new\/wp-json\/wp\/v2\/posts\/768\/revisions\/1754"}],"wp:featuredmedia":[{"embeddable":true,"href":"https:\/\/kinetec.com.br\/new\/wp-json\/wp\/v2\/media\/1753"}],"wp:attachment":[{"href":"https:\/\/kinetec.com.br\/new\/wp-json\/wp\/v2\/media?parent=768"}],"wp:term":[{"taxonomy":"category","embeddable":true,"href":"https:\/\/kinetec.com.br\/new\/wp-json\/wp\/v2\/categories?post=768"},{"taxonomy":"post_tag","embeddable":true,"href":"https:\/\/kinetec.com.br\/new\/wp-json\/wp\/v2\/tags?post=768"}],"curies":[{"name":"wp","href":"https:\/\/api.w.org\/{rel}","templated":true}]}}