{"id":7216,"date":"2021-03-31T15:33:22","date_gmt":"2021-03-31T18:33:22","guid":{"rendered":"https:\/\/kinetec.com.br\/new\/?p=7216"},"modified":"2022-12-15T12:34:32","modified_gmt":"2022-12-15T15:34:32","slug":"informacoes-valiosas-sobre-analise-de-marcha-pos-covid","status":"publish","type":"post","link":"https:\/\/kinetec.com.br\/new\/informacoes-valiosas-sobre-analise-de-marcha-pos-covid\/","title":{"rendered":"Informa\u00e7\u00f5es valiosas sobre An\u00e1lise de Marcha P\u00d3S-COVID"},"content":{"rendered":"<p><span style=\"font-weight: 400;\">Na live com o Marco Ant\u00f4nio Figueiredo, atuante no laborat\u00f3rio de marcha da Funda\u00e7\u00e3o Jos\u00e9 Silveira, e com o Guilherme Brodt, foi poss\u00edvel extrair diversas informa\u00e7\u00f5es valiosas em rela\u00e7\u00e3o a uma an\u00e1lise de paciente p\u00f3s COVID.\u00a0<\/span><\/p>\n<p><span style=\"font-weight: 400;\"><strong>Apresenta\u00e7\u00e3o do caso<\/strong>:<\/span><\/p>\n<p><span style=\"font-weight: 400;\">&#8211; Homem de 54 anos.<\/span><\/p>\n<p><span style=\"font-weight: 400;\">&#8211; Iniciou em abril de 2020 com desconforto respirat\u00f3rio, evoluindo para insufici\u00eancia e hipoxemia, diagnosticado com COVID-19.<\/span><\/p>\n<p><span style=\"font-weight: 400;\">&#8211; 15 dias entubado.<\/span><\/p>\n<p><span style=\"font-weight: 400;\">&#8211; 95 dias internado.<\/span><\/p>\n<p><span style=\"font-weight: 400;\">&#8211; Escara sacral \/ 5 infec\u00e7\u00f5es \/ TVP bilateral.<\/span><\/p>\n<p><span style=\"font-weight: 400;\">&#8211; Em agosto de 2020 teve alta hospitalar.<\/span><\/p>\n<p><span style=\"font-weight: 400;\">&#8211; Iniciou reabilita\u00e7\u00e3o domiciliar 2x\/semana.<\/span><\/p>\n<p><span style=\"font-weight: 400;\">&#8211; Novembro de 2020 teve avalia\u00e7\u00e3o na institui\u00e7\u00e3o.<\/span><\/p>\n<p><span style=\"font-weight: 400;\">&#8211; Diagn\u00f3stico: Polineuropatia do Paciente Cr\u00edtico.<\/span><\/p>\n<p><span style=\"font-weight: 400;\">O laborat\u00f3rio no qual o paciente foi avaliado possui 8 c\u00e2meras infravermelho para fazer a an\u00e1lise dos marcadores reflexivos dos pacientes, duas c\u00e2meras de v\u00eddeo cl\u00ednico para an\u00e1lise da caminhada, 4 plataformas de for\u00e7a e 8 pontos de avalia\u00e7\u00e3o eletromiogr\u00e1fica. Al\u00e9m disso, possui um aceler\u00f4metro G Walk. Essas informa\u00e7\u00f5es destacam a enorme import\u00e2ncia de tratar um paciente desses com tecnologia.<\/span><\/p>\n<p><span style=\"font-weight: 400;\">Existem situa\u00e7\u00f5es que s\u00e3o f\u00e1ceis de enxergar no v\u00eddeo cl\u00ednico, mas a grande vantagem da tecnologia \u00e9 que existem diversos detalhes que n\u00e3o \u00e9 poss\u00edvel conseguir enxergar no v\u00eddeo. Essa capacidade s\u00f3 o equipamento consegue trazer para voc\u00ea, e isso faz toda a diferen\u00e7a.<\/span><\/p>\n<p><span style=\"font-weight: 400;\">A perna direita do paciente ficou extremamente limitada. Al\u00e9m disso, ele n\u00e3o consegue mais fazer extens\u00e3o de quadril durante a marcha. O paciente tem mobilidade, mas n\u00e3o consegue realizar a ativa\u00e7\u00e3o do m\u00fasculo, fazendo uso de padr\u00e3o primitivo. Tamb\u00e9m \u00e9 importante destacar que est\u00e1 andando a menos de 20% da velocidade que ele deveria apresentar. Ou seja, est\u00e1 com muita falta de for\u00e7a e amplitude de movimento. \u00c9 importante ressaltar que o COVID tamb\u00e9m pode afetar a coordena\u00e7\u00e3o.<\/span><\/p>\n<p><span style=\"font-weight: 400;\">Segue abaixo alguns indicadores adquiridos por meio da tecnologia de an\u00e1lise avan\u00e7ada que o laborat\u00f3rio possui:<\/span><\/p>\n<p><img fetchpriority=\"high\" fetchpriority=\"high\" decoding=\"async\" class=\"alignnone size-full wp-image-7218\" src=\"https:\/\/kinetec.com.br\/new\/wp-content\/uploads\/2021\/03\/Screenshot_5.png\" alt=\"\" width=\"602\" height=\"389\" srcset=\"https:\/\/kinetec.com.br\/new\/wp-content\/uploads\/2021\/03\/Screenshot_5.png 602w, https:\/\/kinetec.com.br\/new\/wp-content\/uploads\/2021\/03\/Screenshot_5-480x310.png 480w\" sizes=\"(min-width: 0px) and (max-width: 480px) 480px, (min-width: 481px) 602px, 100vw\" \/><\/p>\n<p><strong>Right Limb &#8211; membro direito.<\/strong><\/p>\n<p><strong>Left limb &#8211; membro esquerdo.<\/strong><\/p>\n<p><strong>Normal values &#8211; valores normais.<\/strong><\/p>\n<p><strong>Stance Time &#8211; tempo em apoio.<\/strong><\/p>\n<p><strong>Swing time &#8211; tempo em balan\u00e7o.<\/strong><\/p>\n<p><span style=\"font-weight: 400;\">Mais tempo em apoio = menos tempo em balan\u00e7o.<\/span><\/p>\n<p><img decoding=\"async\" class=\"alignnone wp-image-7219\" src=\"https:\/\/kinetec.com.br\/new\/wp-content\/uploads\/2021\/03\/Screenshot_7.png\" alt=\"\" width=\"504\" height=\"121\" srcset=\"https:\/\/kinetec.com.br\/new\/wp-content\/uploads\/2021\/03\/Screenshot_7.png 504w, https:\/\/kinetec.com.br\/new\/wp-content\/uploads\/2021\/03\/Screenshot_7-480x115.png 480w\" sizes=\"(min-width: 0px) and (max-width: 480px) 480px, (min-width: 481px) 504px, 100vw\" \/><\/p>\n<p><img decoding=\"async\" class=\"alignnone size-full wp-image-7220\" src=\"https:\/\/kinetec.com.br\/new\/wp-content\/uploads\/2021\/03\/Screenshot_8.png\" alt=\"\" width=\"604\" height=\"367\" srcset=\"https:\/\/kinetec.com.br\/new\/wp-content\/uploads\/2021\/03\/Screenshot_8.png 604w, https:\/\/kinetec.com.br\/new\/wp-content\/uploads\/2021\/03\/Screenshot_8-480x292.png 480w\" sizes=\"(min-width: 0px) and (max-width: 480px) 480px, (min-width: 481px) 604px, 100vw\" \/><\/p>\n<p><span style=\"font-weight: 400;\">O Plano Sagital consiste em flex\u00e3o, extens\u00e3o, inclina\u00e7\u00e3o para frente, etc. A normalidade se encontra na nuvem cinza.<\/span><\/p>\n<p><img loading=\"lazy\" loading=\"lazy\" decoding=\"async\" class=\"alignnone size-full wp-image-7221\" src=\"https:\/\/kinetec.com.br\/new\/wp-content\/uploads\/2021\/03\/Screenshot_9.png\" alt=\"\" width=\"327\" height=\"241\" srcset=\"https:\/\/kinetec.com.br\/new\/wp-content\/uploads\/2021\/03\/Screenshot_9.png 327w, https:\/\/kinetec.com.br\/new\/wp-content\/uploads\/2021\/03\/Screenshot_9-300x221.png 300w\" sizes=\"(max-width: 327px) 100vw, 327px\" \/><\/p>\n<p><span style=\"font-weight: 400;\">O joelho est\u00e1 r\u00edgido. Possui uma estrat\u00e9gia de caminhada pouco econ\u00f4mica, provavelmente causada pelas limita\u00e7\u00f5es de amplitude.<\/span><\/p>\n<p><img loading=\"lazy\" loading=\"lazy\" decoding=\"async\" class=\"alignnone size-full wp-image-7222\" src=\"https:\/\/kinetec.com.br\/new\/wp-content\/uploads\/2021\/03\/Screenshot_10.png\" alt=\"\" width=\"319\" height=\"245\" srcset=\"https:\/\/kinetec.com.br\/new\/wp-content\/uploads\/2021\/03\/Screenshot_10.png 319w, https:\/\/kinetec.com.br\/new\/wp-content\/uploads\/2021\/03\/Screenshot_10-300x230.png 300w\" sizes=\"(max-width: 319px) 100vw, 319px\" \/><\/p>\n<p><span style=\"font-weight: 400;\">Est\u00e1 acontecendo muito tarde e muito devagar, quando deveria estar acontecendo r\u00e1pido. Al\u00e9m disso, o p\u00e9 est\u00e1 sem for\u00e7a suficiente para levantar durante o balan\u00e7o.<\/span><\/p>\n<p><strong>Eletromiografia do paciente:<\/strong><\/p>\n<p><img loading=\"lazy\" loading=\"lazy\" decoding=\"async\" class=\"alignnone size-full wp-image-7223\" src=\"https:\/\/kinetec.com.br\/new\/wp-content\/uploads\/2021\/03\/Screenshot_11.png\" alt=\"\" width=\"599\" height=\"308\" srcset=\"https:\/\/kinetec.com.br\/new\/wp-content\/uploads\/2021\/03\/Screenshot_11.png 599w, https:\/\/kinetec.com.br\/new\/wp-content\/uploads\/2021\/03\/Screenshot_11-480x247.png 480w\" sizes=\"(min-width: 0px) and (max-width: 480px) 480px, (min-width: 481px) 599px, 100vw\" \/><\/p>\n<p><strong>Eletromiografia normal:<\/strong><\/p>\n<p><img loading=\"lazy\" loading=\"lazy\" decoding=\"async\" class=\"alignnone wp-image-7224\" src=\"https:\/\/kinetec.com.br\/new\/wp-content\/uploads\/2021\/03\/Screenshot_12.png\" alt=\"\" width=\"547\" height=\"288\" srcset=\"https:\/\/kinetec.com.br\/new\/wp-content\/uploads\/2021\/03\/Screenshot_12.png 547w, https:\/\/kinetec.com.br\/new\/wp-content\/uploads\/2021\/03\/Screenshot_12-480x253.png 480w\" sizes=\"(min-width: 0px) and (max-width: 480px) 480px, (min-width: 481px) 547px, 100vw\" \/><\/p>\n<p><span style=\"font-weight: 400;\">As nuvens s\u00e3o o desvio padr\u00e3o do paciente.<\/span><\/p>\n<p><span style=\"font-weight: 400;\">Normalidade: linha escura.<\/span><\/p>\n<p><strong>Sinal eletromiogr\u00e1fia bruto do paciente:<\/strong><\/p>\n<p><img loading=\"lazy\" loading=\"lazy\" decoding=\"async\" class=\"alignnone size-full wp-image-7225\" src=\"https:\/\/kinetec.com.br\/new\/wp-content\/uploads\/2021\/03\/Screenshot_13.png\" alt=\"\" width=\"602\" height=\"276\" srcset=\"https:\/\/kinetec.com.br\/new\/wp-content\/uploads\/2021\/03\/Screenshot_13.png 602w, https:\/\/kinetec.com.br\/new\/wp-content\/uploads\/2021\/03\/Screenshot_13-480x220.png 480w\" sizes=\"(min-width: 0px) and (max-width: 480px) 480px, (min-width: 481px) 602px, 100vw\" \/><\/p>\n<p><span style=\"font-weight: 400;\">As linhas est\u00e3o bem espessas, ou seja possu\u00ed marcha muito inconsistente.<\/span><\/p>\n<p><span style=\"font-weight: 400;\">Os sinais s\u00e3o residuais, a ponto da normalidade estar tapando o sinal. Isso \u00e9 inadmiss\u00edvel.<\/span><\/p>\n<p><span style=\"font-weight: 400;\">Al\u00e9m da for\u00e7a, o paciente perdeu capacidade de recrutamento; sinais que deveriam estar chegando n\u00e3o chegam.\u00a0<\/span><\/p>\n<p><strong>Sinal bruto de paciente saud\u00e1vel:<\/strong><\/p>\n<p><img loading=\"lazy\" loading=\"lazy\" decoding=\"async\" class=\"alignnone size-full wp-image-7226\" src=\"https:\/\/kinetec.com.br\/new\/wp-content\/uploads\/2021\/03\/Screenshot_14.png\" alt=\"\" width=\"613\" height=\"189\" srcset=\"https:\/\/kinetec.com.br\/new\/wp-content\/uploads\/2021\/03\/Screenshot_14.png 613w, https:\/\/kinetec.com.br\/new\/wp-content\/uploads\/2021\/03\/Screenshot_14-480x148.png 480w\" sizes=\"(min-width: 0px) and (max-width: 480px) 480px, (min-width: 481px) 613px, 100vw\" \/><\/p>\n<p><img loading=\"lazy\" loading=\"lazy\" decoding=\"async\" class=\"alignnone wp-image-7227\" src=\"https:\/\/kinetec.com.br\/new\/wp-content\/uploads\/2021\/03\/Screenshot_15.png\" alt=\"\" width=\"685\" height=\"194\" srcset=\"https:\/\/kinetec.com.br\/new\/wp-content\/uploads\/2021\/03\/Screenshot_15.png 685w, https:\/\/kinetec.com.br\/new\/wp-content\/uploads\/2021\/03\/Screenshot_15-480x136.png 480w\" sizes=\"(min-width: 0px) and (max-width: 480px) 480px, (min-width: 481px) 685px, 100vw\" \/><\/p>\n<p>&nbsp;<\/p>\n","protected":false},"excerpt":{"rendered":"<p>Na live com o Marco Ant\u00f4nio Figueiredo, atuante no laborat\u00f3rio de marcha da Funda\u00e7\u00e3o Jos\u00e9 Silveira, e com o Guilherme Brodt, foi poss\u00edvel extrair diversas informa\u00e7\u00f5es valiosas em rela\u00e7\u00e3o a uma an\u00e1lise de paciente p\u00f3s COVID.\u00a0 Apresenta\u00e7\u00e3o do caso: &#8211; Homem de 54 anos. &#8211; Iniciou em abril de 2020 com desconforto respirat\u00f3rio, evoluindo para [&hellip;]<\/p>\n","protected":false},"author":1,"featured_media":7228,"comment_status":"closed","ping_status":"closed","sticky":false,"template":"","format":"standard","meta":{"_et_pb_use_builder":"","_et_pb_old_content":"","_et_gb_content_width":"","footnotes":""},"categories":[25,1],"tags":[],"class_list":["post-7216","post","type-post","status-publish","format-standard","has-post-thumbnail","hentry","category-blog","category-sem-categoria"],"yoast_head":"<!-- This site is optimized with the Yoast SEO plugin v27.5 - https:\/\/yoast.com\/product\/yoast-seo-wordpress\/ -->\n<title>Informa\u00e7\u00f5es valiosas sobre An\u00e1lise de Marcha P\u00d3S-COVID - Kinetec<\/title>\n<meta name=\"description\" content=\"Confira as informa\u00e7\u00f5es de uma an\u00e1lise realizada com um paciente p\u00f3s COVID.\" \/>\n<meta name=\"robots\" content=\"index, follow, max-snippet:-1, max-image-preview:large, max-video-preview:-1\" \/>\n<link rel=\"canonical\" href=\"https:\/\/kinetec.com.br\/new\/informacoes-valiosas-sobre-analise-de-marcha-pos-covid\/\" \/>\n<meta property=\"og:locale\" content=\"pt_BR\" \/>\n<meta property=\"og:type\" content=\"article\" \/>\n<meta property=\"og:title\" content=\"Informa\u00e7\u00f5es valiosas sobre An\u00e1lise de Marcha P\u00d3S-COVID - Kinetec\" \/>\n<meta property=\"og:description\" content=\"Confira as informa\u00e7\u00f5es de uma an\u00e1lise realizada com um paciente p\u00f3s COVID.\" \/>\n<meta property=\"og:url\" content=\"https:\/\/kinetec.com.br\/new\/informacoes-valiosas-sobre-analise-de-marcha-pos-covid\/\" \/>\n<meta property=\"og:site_name\" content=\"Kinetec\" \/>\n<meta property=\"article:published_time\" content=\"2021-03-31T18:33:22+00:00\" \/>\n<meta property=\"article:modified_time\" content=\"2022-12-15T15:34:32+00:00\" \/>\n<meta property=\"og:image\" content=\"https:\/\/kinetec.com.br\/new\/wp-content\/uploads\/2021\/03\/home-eseguitest.jpg\" \/>\n\t<meta property=\"og:image:width\" content=\"2560\" \/>\n\t<meta property=\"og:image:height\" content=\"1707\" \/>\n\t<meta property=\"og:image:type\" content=\"image\/jpeg\" \/>\n<meta name=\"author\" content=\"kinetec\" \/>\n<meta name=\"twitter:card\" content=\"summary_large_image\" \/>\n<meta name=\"twitter:label1\" content=\"Escrito por\" \/>\n\t<meta name=\"twitter:data1\" content=\"kinetec\" \/>\n\t<meta name=\"twitter:label2\" content=\"Est. tempo de leitura\" \/>\n\t<meta name=\"twitter:data2\" content=\"5 minutos\" \/>\n<script type=\"application\/ld+json\" class=\"yoast-schema-graph\">{\"@context\":\"https:\\\/\\\/schema.org\",\"@graph\":[{\"@type\":\"Article\",\"@id\":\"https:\\\/\\\/kinetec.com.br\\\/new\\\/informacoes-valiosas-sobre-analise-de-marcha-pos-covid\\\/#article\",\"isPartOf\":{\"@id\":\"https:\\\/\\\/kinetec.com.br\\\/new\\\/informacoes-valiosas-sobre-analise-de-marcha-pos-covid\\\/\"},\"author\":{\"name\":\"kinetec\",\"@id\":\"https:\\\/\\\/kinetec.com.br\\\/new\\\/#\\\/schema\\\/person\\\/df857fe40f5d5e94598ab10be9c64a06\"},\"headline\":\"Informa\u00e7\u00f5es valiosas sobre An\u00e1lise de Marcha P\u00d3S-COVID\",\"datePublished\":\"2021-03-31T18:33:22+00:00\",\"dateModified\":\"2022-12-15T15:34:32+00:00\",\"mainEntityOfPage\":{\"@id\":\"https:\\\/\\\/kinetec.com.br\\\/new\\\/informacoes-valiosas-sobre-analise-de-marcha-pos-covid\\\/\"},\"wordCount\":537,\"image\":{\"@id\":\"https:\\\/\\\/kinetec.com.br\\\/new\\\/informacoes-valiosas-sobre-analise-de-marcha-pos-covid\\\/#primaryimage\"},\"thumbnailUrl\":\"https:\\\/\\\/kinetec.com.br\\\/new\\\/wp-content\\\/uploads\\\/2021\\\/03\\\/home-eseguitest.jpg\",\"articleSection\":[\"Blog\"],\"inLanguage\":\"pt-BR\"},{\"@type\":\"WebPage\",\"@id\":\"https:\\\/\\\/kinetec.com.br\\\/new\\\/informacoes-valiosas-sobre-analise-de-marcha-pos-covid\\\/\",\"url\":\"https:\\\/\\\/kinetec.com.br\\\/new\\\/informacoes-valiosas-sobre-analise-de-marcha-pos-covid\\\/\",\"name\":\"Informa\u00e7\u00f5es valiosas sobre An\u00e1lise de Marcha P\u00d3S-COVID - Kinetec\",\"isPartOf\":{\"@id\":\"https:\\\/\\\/kinetec.com.br\\\/new\\\/#website\"},\"primaryImageOfPage\":{\"@id\":\"https:\\\/\\\/kinetec.com.br\\\/new\\\/informacoes-valiosas-sobre-analise-de-marcha-pos-covid\\\/#primaryimage\"},\"image\":{\"@id\":\"https:\\\/\\\/kinetec.com.br\\\/new\\\/informacoes-valiosas-sobre-analise-de-marcha-pos-covid\\\/#primaryimage\"},\"thumbnailUrl\":\"https:\\\/\\\/kinetec.com.br\\\/new\\\/wp-content\\\/uploads\\\/2021\\\/03\\\/home-eseguitest.jpg\",\"datePublished\":\"2021-03-31T18:33:22+00:00\",\"dateModified\":\"2022-12-15T15:34:32+00:00\",\"author\":{\"@id\":\"https:\\\/\\\/kinetec.com.br\\\/new\\\/#\\\/schema\\\/person\\\/df857fe40f5d5e94598ab10be9c64a06\"},\"description\":\"Confira as informa\u00e7\u00f5es de uma an\u00e1lise realizada com um paciente p\u00f3s COVID.\",\"breadcrumb\":{\"@id\":\"https:\\\/\\\/kinetec.com.br\\\/new\\\/informacoes-valiosas-sobre-analise-de-marcha-pos-covid\\\/#breadcrumb\"},\"inLanguage\":\"pt-BR\",\"potentialAction\":[{\"@type\":\"ReadAction\",\"target\":[\"https:\\\/\\\/kinetec.com.br\\\/new\\\/informacoes-valiosas-sobre-analise-de-marcha-pos-covid\\\/\"]}]},{\"@type\":\"ImageObject\",\"inLanguage\":\"pt-BR\",\"@id\":\"https:\\\/\\\/kinetec.com.br\\\/new\\\/informacoes-valiosas-sobre-analise-de-marcha-pos-covid\\\/#primaryimage\",\"url\":\"https:\\\/\\\/kinetec.com.br\\\/new\\\/wp-content\\\/uploads\\\/2021\\\/03\\\/home-eseguitest.jpg\",\"contentUrl\":\"https:\\\/\\\/kinetec.com.br\\\/new\\\/wp-content\\\/uploads\\\/2021\\\/03\\\/home-eseguitest.jpg\",\"width\":2560,\"height\":1707},{\"@type\":\"BreadcrumbList\",\"@id\":\"https:\\\/\\\/kinetec.com.br\\\/new\\\/informacoes-valiosas-sobre-analise-de-marcha-pos-covid\\\/#breadcrumb\",\"itemListElement\":[{\"@type\":\"ListItem\",\"position\":1,\"name\":\"In\u00edcio\",\"item\":\"https:\\\/\\\/kinetec.com.br\\\/new\\\/\"},{\"@type\":\"ListItem\",\"position\":2,\"name\":\"Informa\u00e7\u00f5es valiosas sobre An\u00e1lise de Marcha P\u00d3S-COVID\"}]},{\"@type\":\"WebSite\",\"@id\":\"https:\\\/\\\/kinetec.com.br\\\/new\\\/#website\",\"url\":\"https:\\\/\\\/kinetec.com.br\\\/new\\\/\",\"name\":\"Kinetec\",\"description\":\"Tecnologias Biomec\u00e2nicas\",\"potentialAction\":[{\"@type\":\"SearchAction\",\"target\":{\"@type\":\"EntryPoint\",\"urlTemplate\":\"https:\\\/\\\/kinetec.com.br\\\/new\\\/?s={search_term_string}\"},\"query-input\":{\"@type\":\"PropertyValueSpecification\",\"valueRequired\":true,\"valueName\":\"search_term_string\"}}],\"inLanguage\":\"pt-BR\"},{\"@type\":\"Person\",\"@id\":\"https:\\\/\\\/kinetec.com.br\\\/new\\\/#\\\/schema\\\/person\\\/df857fe40f5d5e94598ab10be9c64a06\",\"name\":\"kinetec\",\"url\":\"https:\\\/\\\/kinetec.com.br\\\/new\\\/author\\\/kinetec\\\/\"}]}<\/script>\n<!-- \/ Yoast SEO plugin. -->","yoast_head_json":{"title":"Informa\u00e7\u00f5es valiosas sobre An\u00e1lise de Marcha P\u00d3S-COVID - Kinetec","description":"Confira as informa\u00e7\u00f5es de uma an\u00e1lise realizada com um paciente p\u00f3s COVID.","robots":{"index":"index","follow":"follow","max-snippet":"max-snippet:-1","max-image-preview":"max-image-preview:large","max-video-preview":"max-video-preview:-1"},"canonical":"https:\/\/kinetec.com.br\/new\/informacoes-valiosas-sobre-analise-de-marcha-pos-covid\/","og_locale":"pt_BR","og_type":"article","og_title":"Informa\u00e7\u00f5es valiosas sobre An\u00e1lise de Marcha P\u00d3S-COVID - Kinetec","og_description":"Confira as informa\u00e7\u00f5es de uma an\u00e1lise realizada com um paciente p\u00f3s COVID.","og_url":"https:\/\/kinetec.com.br\/new\/informacoes-valiosas-sobre-analise-de-marcha-pos-covid\/","og_site_name":"Kinetec","article_published_time":"2021-03-31T18:33:22+00:00","article_modified_time":"2022-12-15T15:34:32+00:00","og_image":[{"width":2560,"height":1707,"url":"https:\/\/kinetec.com.br\/new\/wp-content\/uploads\/2021\/03\/home-eseguitest.jpg","type":"image\/jpeg"}],"author":"kinetec","twitter_card":"summary_large_image","twitter_misc":{"Escrito por":"kinetec","Est. tempo de leitura":"5 minutos"},"schema":{"@context":"https:\/\/schema.org","@graph":[{"@type":"Article","@id":"https:\/\/kinetec.com.br\/new\/informacoes-valiosas-sobre-analise-de-marcha-pos-covid\/#article","isPartOf":{"@id":"https:\/\/kinetec.com.br\/new\/informacoes-valiosas-sobre-analise-de-marcha-pos-covid\/"},"author":{"name":"kinetec","@id":"https:\/\/kinetec.com.br\/new\/#\/schema\/person\/df857fe40f5d5e94598ab10be9c64a06"},"headline":"Informa\u00e7\u00f5es valiosas sobre An\u00e1lise de Marcha P\u00d3S-COVID","datePublished":"2021-03-31T18:33:22+00:00","dateModified":"2022-12-15T15:34:32+00:00","mainEntityOfPage":{"@id":"https:\/\/kinetec.com.br\/new\/informacoes-valiosas-sobre-analise-de-marcha-pos-covid\/"},"wordCount":537,"image":{"@id":"https:\/\/kinetec.com.br\/new\/informacoes-valiosas-sobre-analise-de-marcha-pos-covid\/#primaryimage"},"thumbnailUrl":"https:\/\/kinetec.com.br\/new\/wp-content\/uploads\/2021\/03\/home-eseguitest.jpg","articleSection":["Blog"],"inLanguage":"pt-BR"},{"@type":"WebPage","@id":"https:\/\/kinetec.com.br\/new\/informacoes-valiosas-sobre-analise-de-marcha-pos-covid\/","url":"https:\/\/kinetec.com.br\/new\/informacoes-valiosas-sobre-analise-de-marcha-pos-covid\/","name":"Informa\u00e7\u00f5es valiosas sobre An\u00e1lise de Marcha P\u00d3S-COVID - Kinetec","isPartOf":{"@id":"https:\/\/kinetec.com.br\/new\/#website"},"primaryImageOfPage":{"@id":"https:\/\/kinetec.com.br\/new\/informacoes-valiosas-sobre-analise-de-marcha-pos-covid\/#primaryimage"},"image":{"@id":"https:\/\/kinetec.com.br\/new\/informacoes-valiosas-sobre-analise-de-marcha-pos-covid\/#primaryimage"},"thumbnailUrl":"https:\/\/kinetec.com.br\/new\/wp-content\/uploads\/2021\/03\/home-eseguitest.jpg","datePublished":"2021-03-31T18:33:22+00:00","dateModified":"2022-12-15T15:34:32+00:00","author":{"@id":"https:\/\/kinetec.com.br\/new\/#\/schema\/person\/df857fe40f5d5e94598ab10be9c64a06"},"description":"Confira as informa\u00e7\u00f5es de uma an\u00e1lise realizada com um paciente p\u00f3s COVID.","breadcrumb":{"@id":"https:\/\/kinetec.com.br\/new\/informacoes-valiosas-sobre-analise-de-marcha-pos-covid\/#breadcrumb"},"inLanguage":"pt-BR","potentialAction":[{"@type":"ReadAction","target":["https:\/\/kinetec.com.br\/new\/informacoes-valiosas-sobre-analise-de-marcha-pos-covid\/"]}]},{"@type":"ImageObject","inLanguage":"pt-BR","@id":"https:\/\/kinetec.com.br\/new\/informacoes-valiosas-sobre-analise-de-marcha-pos-covid\/#primaryimage","url":"https:\/\/kinetec.com.br\/new\/wp-content\/uploads\/2021\/03\/home-eseguitest.jpg","contentUrl":"https:\/\/kinetec.com.br\/new\/wp-content\/uploads\/2021\/03\/home-eseguitest.jpg","width":2560,"height":1707},{"@type":"BreadcrumbList","@id":"https:\/\/kinetec.com.br\/new\/informacoes-valiosas-sobre-analise-de-marcha-pos-covid\/#breadcrumb","itemListElement":[{"@type":"ListItem","position":1,"name":"In\u00edcio","item":"https:\/\/kinetec.com.br\/new\/"},{"@type":"ListItem","position":2,"name":"Informa\u00e7\u00f5es valiosas sobre An\u00e1lise de Marcha P\u00d3S-COVID"}]},{"@type":"WebSite","@id":"https:\/\/kinetec.com.br\/new\/#website","url":"https:\/\/kinetec.com.br\/new\/","name":"Kinetec","description":"Tecnologias Biomec\u00e2nicas","potentialAction":[{"@type":"SearchAction","target":{"@type":"EntryPoint","urlTemplate":"https:\/\/kinetec.com.br\/new\/?s={search_term_string}"},"query-input":{"@type":"PropertyValueSpecification","valueRequired":true,"valueName":"search_term_string"}}],"inLanguage":"pt-BR"},{"@type":"Person","@id":"https:\/\/kinetec.com.br\/new\/#\/schema\/person\/df857fe40f5d5e94598ab10be9c64a06","name":"kinetec","url":"https:\/\/kinetec.com.br\/new\/author\/kinetec\/"}]}},"_links":{"self":[{"href":"https:\/\/kinetec.com.br\/new\/wp-json\/wp\/v2\/posts\/7216","targetHints":{"allow":["GET"]}}],"collection":[{"href":"https:\/\/kinetec.com.br\/new\/wp-json\/wp\/v2\/posts"}],"about":[{"href":"https:\/\/kinetec.com.br\/new\/wp-json\/wp\/v2\/types\/post"}],"author":[{"embeddable":true,"href":"https:\/\/kinetec.com.br\/new\/wp-json\/wp\/v2\/users\/1"}],"replies":[{"embeddable":true,"href":"https:\/\/kinetec.com.br\/new\/wp-json\/wp\/v2\/comments?post=7216"}],"version-history":[{"count":2,"href":"https:\/\/kinetec.com.br\/new\/wp-json\/wp\/v2\/posts\/7216\/revisions"}],"predecessor-version":[{"id":7229,"href":"https:\/\/kinetec.com.br\/new\/wp-json\/wp\/v2\/posts\/7216\/revisions\/7229"}],"wp:featuredmedia":[{"embeddable":true,"href":"https:\/\/kinetec.com.br\/new\/wp-json\/wp\/v2\/media\/7228"}],"wp:attachment":[{"href":"https:\/\/kinetec.com.br\/new\/wp-json\/wp\/v2\/media?parent=7216"}],"wp:term":[{"taxonomy":"category","embeddable":true,"href":"https:\/\/kinetec.com.br\/new\/wp-json\/wp\/v2\/categories?post=7216"},{"taxonomy":"post_tag","embeddable":true,"href":"https:\/\/kinetec.com.br\/new\/wp-json\/wp\/v2\/tags?post=7216"}],"curies":[{"name":"wp","href":"https:\/\/api.w.org\/{rel}","templated":true}]}}